{"id":10124,"date":"2025-12-15T08:11:58","date_gmt":"2025-12-15T07:11:58","guid":{"rendered":"https:\/\/wdkkielce.pl\/?p=10124"},"modified":"2025-12-15T08:11:58","modified_gmt":"2025-12-15T07:11:58","slug":"jubileuszowy-konkurs-literacki-piekno-stworzenia-czlowiek-i-wartosci-w-tworczosci-swietego-jana-pawla-ii-rozstrzygniety","status":"publish","type":"post","link":"https:\/\/wdkkielce.pl\/index.php\/2025\/12\/15\/jubileuszowy-konkurs-literacki-piekno-stworzenia-czlowiek-i-wartosci-w-tworczosci-swietego-jana-pawla-ii-rozstrzygniety\/","title":{"rendered":"Jubileuszowy Konkurs Literacki \u201ePi\u0119kno stworzenia. Cz\u0142owiek i warto\u015bci w tw\u00f3rczo\u015bci \u015awi\u0119tego Jana Paw\u0142a II\u201d \u2013 rozstrzygni\u0119ty!"},"content":{"rendered":"<p data-start=\"272\" data-end=\"511\">W pi\u0105tek, 12 grudnia, rozstrzygni\u0119to V edycj\u0119 Wojew\u00f3dzkiego Konkursu Literackiego \u201ePi\u0119kno stworzenia. Cz\u0142owiek i warto\u015bci w tw\u00f3rczo\u015bci \u015awi\u0119tego Jana Paw\u0142a II\u201d, organizowanego przez Wojew\u00f3dzki Dom Kultury im. J\u00f3zefa Pi\u0142sudskiego w Kielcach.<\/p>\n<p data-start=\"513\" data-end=\"875\">Celem konkursu by\u0142o zach\u0119cenie uczestnik\u00f3w do literackiej refleksji nad tematyk\u0105 duchowo\u015bci, cz\u0142owieka i warto\u015bci, inspirowanej poezj\u0105 oraz nauczaniem \u015awi\u0119tego Jana Paw\u0142a II.\u00a0 Tegoroczna, jubileuszowa edycja cieszy\u0142a si\u0119 du\u017cym zainteresowaniem. Nap\u0142yn\u0119\u0142o ponad sto wierszy i opowiada\u0144, kt\u00f3re wyr\u00f3\u017cnia\u0142y si\u0119 wra\u017cliwo\u015bci\u0105, dojrza\u0142o\u015bci\u0105 refleksji oraz r\u00f3\u017cnorodno\u015bci\u0105 artystycznych interpretacji tematu.<\/p>\n<p data-start=\"1111\" data-end=\"1409\">Uroczyste podsumowanie konkursu odby\u0142o si\u0119 podczas Wieczoru Literackiego w g\u00f3rnym foyer Sali Teatralnej Wojew\u00f3dzkiego Domu Kultury w Kielcach. Laureatom gratulacje z\u0142o\u017cyli biskup pomocniczy diecezji kieleckiej &#8211;\u00a0 Marian Florczyk oraz Magdalena Fogiel-Litwinek, dyrektor Wojew\u00f3dzkiego Domu Kultury im. J\u00f3zefa Pi\u0142sudskiego w Kielcach.<\/p>\n<p data-start=\"1411\" data-end=\"1655\">Oceny prac dokona\u0142a Rada Artystyczna w sk\u0142adzie: Anna Zieli\u0144ska-Brudek, prezes Zwi\u0105zku Literat\u00f3w Polskich Oddzia\u0142 w Kielcach, oraz ks. Marian Fatyga, proboszcz Parafii Naj\u015bwi\u0119tszego Serca Naj\u015bwi\u0119tszej Maryi Panny w Kielcach.<\/p>\n<p data-start=\"1657\" data-end=\"1678\"><strong data-start=\"1657\" data-end=\"1678\">Laureaci konkursu<\/strong><\/p>\n<p data-start=\"1680\" data-end=\"1892\"><strong data-start=\"1680\" data-end=\"1712\">Kategoria Poezja (do 15 lat)<\/strong><br data-start=\"1712\" data-end=\"1715\" \/>I miejsce \u2013 Amelia Treli\u0144ska<br data-start=\"1743\" data-end=\"1746\" \/>II miejsce \u2013 Maria Figlarowicz<br data-start=\"1776\" data-end=\"1779\" \/>III miejsce \u2013 Krzysztof Czarnowski<br data-start=\"1813\" data-end=\"1816\" \/>Wyr\u00f3\u017cnienia: Szymon R\u00f3\u017cycki, Kuba \u015awierk, Zuzanna So\u0142tysik, Nikola Jankowicz<\/p>\n<p data-start=\"1894\" data-end=\"2101\"><strong data-start=\"1894\" data-end=\"1926\">Kategoria Poezja (od 16 lat)<\/strong><br data-start=\"1926\" data-end=\"1929\" \/>I miejsce \u2013 s. Gracjana Wojczulanis<br data-start=\"1964\" data-end=\"1967\" \/>II miejsce \u2013 s. Iwona \u017byci\u0144ska<br data-start=\"1997\" data-end=\"2000\" \/>III miejsce \u2013 Anna Fo\u0142ta<br data-start=\"2024\" data-end=\"2027\" \/>Wyr\u00f3\u017cnienia: Agnieszka Czarnecka, Piotr Nowak, Zofia Szczerba, Zofia Walas<\/p>\n<p data-start=\"2103\" data-end=\"2308\"><strong data-start=\"2103\" data-end=\"2134\">Kategoria Proza (do 15 lat)<\/strong><br data-start=\"2134\" data-end=\"2137\" \/>I miejsce \u2013 Julia Nowak<br data-start=\"2160\" data-end=\"2163\" \/>II miejsce \u2013 Magdalena Krzysiek<br data-start=\"2194\" data-end=\"2197\" \/>III miejsce \u2013 Lena Matuszczyk<br data-start=\"2226\" data-end=\"2229\" \/>Wyr\u00f3\u017cnienia: Mykola Hlushchenko, Alicja \u017bbik, Jakub Majkowski, Anastazja Kobiec<\/p>\n<p data-start=\"2310\" data-end=\"2529\"><strong data-start=\"2310\" data-end=\"2341\">Kategoria Proza (od 16 lat)<\/strong><br data-start=\"2341\" data-end=\"2344\" \/>I miejsce \u2013 Anna Krzyczkowska<br data-start=\"2373\" data-end=\"2376\" \/>II miejsce \u2013 Agata Niebudek-\u015amiech<br data-start=\"2410\" data-end=\"2413\" \/>III miejsce \u2013 Lidia J\u0119drocha-Kubicka<br data-start=\"2449\" data-end=\"2452\" \/>Wyr\u00f3\u017cnienia: Micha\u0142 \u0141ukawski, Dorota Mikiewicz, Miros\u0142aw Mady\u015b, Oliwia Zimoch<\/p>\n<p data-start=\"2531\" data-end=\"2686\">Patronat honorowy nad wydarzeniem obj\u0119li Renata Janik, Marsza\u0142ek Wojew\u00f3dztwa \u015awi\u0119tokrzyskiego, oraz biskup Jan Piotrowski, ordynariusz diecezji kieleckiej. Fundatorem nagr\u00f3d finansowych by\u0142 Wojew\u00f3dzki Dom Kultury im. J\u00f3zefa Pi\u0142sudskiego w Kielcach, natomiast nagrody rzeczowe zapewni\u0142o Wydawnictwo Jedno\u015b\u0107.<\/p>\n<p data-start=\"2840\" data-end=\"3021\">Organizatorami konkursu s\u0105: Wojew\u00f3dzki Dom Kultury im. J\u00f3zefa Pi\u0142sudskiego w Kielcach, Zwi\u0105zek Literat\u00f3w Polskich Oddzia\u0142 w Kielcach oraz Wydzia\u0142 Katechetyczny Diecezji Kieleckiej.<\/p>\n<div id='gallery-1' class='gallery galleryid-10124 gallery-columns-3 gallery-size-large'><figure class='gallery-item'>\n\t\t\t<div class='gallery-icon landscape'>\n\t\t\t\t<a href='https:\/\/wdkkielce.pl\/index.php\/2025\/12\/15\/jubileuszowy-konkurs-literacki-piekno-stworzenia-czlowiek-i-wartosci-w-tworczosci-swietego-jana-pawla-ii-rozstrzygniety\/img_0814\/'><img fetchpriority=\"high\" decoding=\"async\" width=\"1024\" height=\"768\" src=\"https:\/\/wdkkielce.pl\/wp-content\/uploads\/2025\/12\/IMG_0814-1024x768.jpeg\" class=\"attachment-large size-large\" alt=\"\" srcset=\"https:\/\/wdkkielce.pl\/wp-content\/uploads\/2025\/12\/IMG_0814-1024x768.jpeg 1024w, https:\/\/wdkkielce.pl\/wp-content\/uploads\/2025\/12\/IMG_0814-300x225.jpeg 300w, https:\/\/wdkkielce.pl\/wp-content\/uploads\/2025\/12\/IMG_0814-768x576.jpeg 768w, https:\/\/wdkkielce.pl\/wp-content\/uploads\/2025\/12\/IMG_0814-1536x1152.jpeg 1536w, https:\/\/wdkkielce.pl\/wp-content\/uploads\/2025\/12\/IMG_0814-2048x1536.jpeg 2048w\" sizes=\"(max-width: 1024px) 100vw, 1024px\" \/><\/a>\n\t\t\t<\/div><\/figure><figure class='gallery-item'>\n\t\t\t<div class='gallery-icon landscape'>\n\t\t\t\t<a href='https:\/\/wdkkielce.pl\/index.php\/2025\/12\/15\/jubileuszowy-konkurs-literacki-piekno-stworzenia-czlowiek-i-wartosci-w-tworczosci-swietego-jana-pawla-ii-rozstrzygniety\/img_0815\/'><img decoding=\"async\" width=\"1024\" height=\"768\" src=\"https:\/\/wdkkielce.pl\/wp-content\/uploads\/2025\/12\/IMG_0815-1024x768.jpeg\" class=\"attachment-large size-large\" alt=\"\" srcset=\"https:\/\/wdkkielce.pl\/wp-content\/uploads\/2025\/12\/IMG_0815-1024x768.jpeg 1024w, https:\/\/wdkkielce.pl\/wp-content\/uploads\/2025\/12\/IMG_0815-300x225.jpeg 300w, https:\/\/wdkkielce.pl\/wp-content\/uploads\/2025\/12\/IMG_0815-768x576.jpeg 768w, https:\/\/wdkkielce.pl\/wp-content\/uploads\/2025\/12\/IMG_0815-1536x1152.jpeg 1536w, https:\/\/wdkkielce.pl\/wp-content\/uploads\/2025\/12\/IMG_0815-2048x1536.jpeg 2048w\" sizes=\"(max-width: 1024px) 100vw, 1024px\" \/><\/a>\n\t\t\t<\/div><\/figure><figure class='gallery-item'>\n\t\t\t<div class='gallery-icon landscape'>\n\t\t\t\t<a href='https:\/\/wdkkielce.pl\/index.php\/2025\/12\/15\/jubileuszowy-konkurs-literacki-piekno-stworzenia-czlowiek-i-wartosci-w-tworczosci-swietego-jana-pawla-ii-rozstrzygniety\/img_0821\/'><img decoding=\"async\" width=\"1024\" height=\"730\" src=\"https:\/\/wdkkielce.pl\/wp-content\/uploads\/2025\/12\/IMG_0821-1024x730.jpeg\" class=\"attachment-large size-large\" alt=\"\" srcset=\"https:\/\/wdkkielce.pl\/wp-content\/uploads\/2025\/12\/IMG_0821-1024x730.jpeg 1024w, https:\/\/wdkkielce.pl\/wp-content\/uploads\/2025\/12\/IMG_0821-300x214.jpeg 300w, https:\/\/wdkkielce.pl\/wp-content\/uploads\/2025\/12\/IMG_0821-768x548.jpeg 768w, https:\/\/wdkkielce.pl\/wp-content\/uploads\/2025\/12\/IMG_0821-1536x1096.jpeg 1536w, https:\/\/wdkkielce.pl\/wp-content\/uploads\/2025\/12\/IMG_0821-2048x1461.jpeg 2048w\" sizes=\"(max-width: 1024px) 100vw, 1024px\" \/><\/a>\n\t\t\t<\/div><\/figure><figure class='gallery-item'>\n\t\t\t<div class='gallery-icon landscape'>\n\t\t\t\t<a href='https:\/\/wdkkielce.pl\/index.php\/2025\/12\/15\/jubileuszowy-konkurs-literacki-piekno-stworzenia-czlowiek-i-wartosci-w-tworczosci-swietego-jana-pawla-ii-rozstrzygniety\/img_0823\/'><img loading=\"lazy\" decoding=\"async\" width=\"1024\" height=\"768\" src=\"https:\/\/wdkkielce.pl\/wp-content\/uploads\/2025\/12\/IMG_0823-1024x768.jpeg\" class=\"attachment-large size-large\" alt=\"\" srcset=\"https:\/\/wdkkielce.pl\/wp-content\/uploads\/2025\/12\/IMG_0823-1024x768.jpeg 1024w, https:\/\/wdkkielce.pl\/wp-content\/uploads\/2025\/12\/IMG_0823-300x225.jpeg 300w, https:\/\/wdkkielce.pl\/wp-content\/uploads\/2025\/12\/IMG_0823-768x576.jpeg 768w, https:\/\/wdkkielce.pl\/wp-content\/uploads\/2025\/12\/IMG_0823-1536x1152.jpeg 1536w, https:\/\/wdkkielce.pl\/wp-content\/uploads\/2025\/12\/IMG_0823-2048x1536.jpeg 2048w\" sizes=\"(max-width: 1024px) 100vw, 1024px\" \/><\/a>\n\t\t\t<\/div><\/figure><figure class='gallery-item'>\n\t\t\t<div class='gallery-icon landscape'>\n\t\t\t\t<a href='https:\/\/wdkkielce.pl\/index.php\/2025\/12\/15\/jubileuszowy-konkurs-literacki-piekno-stworzenia-czlowiek-i-wartosci-w-tworczosci-swietego-jana-pawla-ii-rozstrzygniety\/img_0825\/'><img loading=\"lazy\" decoding=\"async\" width=\"1024\" height=\"684\" src=\"https:\/\/wdkkielce.pl\/wp-content\/uploads\/2025\/12\/IMG_0825-1024x684.jpeg\" class=\"attachment-large size-large\" alt=\"\" srcset=\"https:\/\/wdkkielce.pl\/wp-content\/uploads\/2025\/12\/IMG_0825-1024x684.jpeg 1024w, https:\/\/wdkkielce.pl\/wp-content\/uploads\/2025\/12\/IMG_0825-300x200.jpeg 300w, https:\/\/wdkkielce.pl\/wp-content\/uploads\/2025\/12\/IMG_0825-768x513.jpeg 768w, https:\/\/wdkkielce.pl\/wp-content\/uploads\/2025\/12\/IMG_0825-391x260.jpeg 391w, https:\/\/wdkkielce.pl\/wp-content\/uploads\/2025\/12\/IMG_0825-1536x1025.jpeg 1536w, https:\/\/wdkkielce.pl\/wp-content\/uploads\/2025\/12\/IMG_0825-2048x1367.jpeg 2048w, https:\/\/wdkkielce.pl\/wp-content\/uploads\/2025\/12\/IMG_0825-930x620.jpeg 930w\" sizes=\"(max-width: 1024px) 100vw, 1024px\" \/><\/a>\n\t\t\t<\/div><\/figure><figure class='gallery-item'>\n\t\t\t<div class='gallery-icon landscape'>\n\t\t\t\t<a href='https:\/\/wdkkielce.pl\/index.php\/2025\/12\/15\/jubileuszowy-konkurs-literacki-piekno-stworzenia-czlowiek-i-wartosci-w-tworczosci-swietego-jana-pawla-ii-rozstrzygniety\/img_0827\/'><img loading=\"lazy\" decoding=\"async\" width=\"1024\" height=\"726\" src=\"https:\/\/wdkkielce.pl\/wp-content\/uploads\/2025\/12\/IMG_0827-1024x726.jpeg\" class=\"attachment-large size-large\" alt=\"\" srcset=\"https:\/\/wdkkielce.pl\/wp-content\/uploads\/2025\/12\/IMG_0827-1024x726.jpeg 1024w, https:\/\/wdkkielce.pl\/wp-content\/uploads\/2025\/12\/IMG_0827-300x213.jpeg 300w, https:\/\/wdkkielce.pl\/wp-content\/uploads\/2025\/12\/IMG_0827-768x545.jpeg 768w, https:\/\/wdkkielce.pl\/wp-content\/uploads\/2025\/12\/IMG_0827-1536x1089.jpeg 1536w, https:\/\/wdkkielce.pl\/wp-content\/uploads\/2025\/12\/IMG_0827-2048x1453.jpeg 2048w\" sizes=\"(max-width: 1024px) 100vw, 1024px\" \/><\/a>\n\t\t\t<\/div><\/figure><figure class='gallery-item'>\n\t\t\t<div class='gallery-icon landscape'>\n\t\t\t\t<a href='https:\/\/wdkkielce.pl\/index.php\/2025\/12\/15\/jubileuszowy-konkurs-literacki-piekno-stworzenia-czlowiek-i-wartosci-w-tworczosci-swietego-jana-pawla-ii-rozstrzygniety\/img_0828\/'><img loading=\"lazy\" decoding=\"async\" width=\"1024\" height=\"768\" src=\"https:\/\/wdkkielce.pl\/wp-content\/uploads\/2025\/12\/IMG_0828-1024x768.jpeg\" class=\"attachment-large size-large\" alt=\"\" srcset=\"https:\/\/wdkkielce.pl\/wp-content\/uploads\/2025\/12\/IMG_0828-1024x768.jpeg 1024w, https:\/\/wdkkielce.pl\/wp-content\/uploads\/2025\/12\/IMG_0828-300x225.jpeg 300w, https:\/\/wdkkielce.pl\/wp-content\/uploads\/2025\/12\/IMG_0828-768x576.jpeg 768w, https:\/\/wdkkielce.pl\/wp-content\/uploads\/2025\/12\/IMG_0828-1536x1152.jpeg 1536w, https:\/\/wdkkielce.pl\/wp-content\/uploads\/2025\/12\/IMG_0828-2048x1536.jpeg 2048w\" sizes=\"(max-width: 1024px) 100vw, 1024px\" \/><\/a>\n\t\t\t<\/div><\/figure><figure class='gallery-item'>\n\t\t\t<div class='gallery-icon landscape'>\n\t\t\t\t<a href='https:\/\/wdkkielce.pl\/index.php\/2025\/12\/15\/jubileuszowy-konkurs-literacki-piekno-stworzenia-czlowiek-i-wartosci-w-tworczosci-swietego-jana-pawla-ii-rozstrzygniety\/img_0829\/'><img loading=\"lazy\" decoding=\"async\" width=\"1024\" height=\"739\" src=\"https:\/\/wdkkielce.pl\/wp-content\/uploads\/2025\/12\/IMG_0829-1024x739.jpeg\" class=\"attachment-large size-large\" alt=\"\" srcset=\"https:\/\/wdkkielce.pl\/wp-content\/uploads\/2025\/12\/IMG_0829-1024x739.jpeg 1024w, https:\/\/wdkkielce.pl\/wp-content\/uploads\/2025\/12\/IMG_0829-300x216.jpeg 300w, https:\/\/wdkkielce.pl\/wp-content\/uploads\/2025\/12\/IMG_0829-768x554.jpeg 768w, https:\/\/wdkkielce.pl\/wp-content\/uploads\/2025\/12\/IMG_0829-1536x1108.jpeg 1536w, https:\/\/wdkkielce.pl\/wp-content\/uploads\/2025\/12\/IMG_0829-2048x1477.jpeg 2048w\" sizes=\"(max-width: 1024px) 100vw, 1024px\" \/><\/a>\n\t\t\t<\/div><\/figure><figure class='gallery-item'>\n\t\t\t<div class='gallery-icon landscape'>\n\t\t\t\t<a href='https:\/\/wdkkielce.pl\/index.php\/2025\/12\/15\/jubileuszowy-konkurs-literacki-piekno-stworzenia-czlowiek-i-wartosci-w-tworczosci-swietego-jana-pawla-ii-rozstrzygniety\/img_0831\/'><img loading=\"lazy\" decoding=\"async\" width=\"1024\" height=\"724\" src=\"https:\/\/wdkkielce.pl\/wp-content\/uploads\/2025\/12\/IMG_0831-1024x724.jpeg\" class=\"attachment-large size-large\" alt=\"\" srcset=\"https:\/\/wdkkielce.pl\/wp-content\/uploads\/2025\/12\/IMG_0831-1024x724.jpeg 1024w, https:\/\/wdkkielce.pl\/wp-content\/uploads\/2025\/12\/IMG_0831-300x212.jpeg 300w, https:\/\/wdkkielce.pl\/wp-content\/uploads\/2025\/12\/IMG_0831-768x543.jpeg 768w, https:\/\/wdkkielce.pl\/wp-content\/uploads\/2025\/12\/IMG_0831-1536x1087.jpeg 1536w, https:\/\/wdkkielce.pl\/wp-content\/uploads\/2025\/12\/IMG_0831-2048x1449.jpeg 2048w\" sizes=\"(max-width: 1024px) 100vw, 1024px\" \/><\/a>\n\t\t\t<\/div><\/figure><figure class='gallery-item'>\n\t\t\t<div class='gallery-icon landscape'>\n\t\t\t\t<a href='https:\/\/wdkkielce.pl\/index.php\/2025\/12\/15\/jubileuszowy-konkurs-literacki-piekno-stworzenia-czlowiek-i-wartosci-w-tworczosci-swietego-jana-pawla-ii-rozstrzygniety\/img_0832\/'><img loading=\"lazy\" decoding=\"async\" width=\"1024\" height=\"744\" src=\"https:\/\/wdkkielce.pl\/wp-content\/uploads\/2025\/12\/IMG_0832-1024x744.jpeg\" class=\"attachment-large size-large\" alt=\"\" srcset=\"https:\/\/wdkkielce.pl\/wp-content\/uploads\/2025\/12\/IMG_0832-1024x744.jpeg 1024w, https:\/\/wdkkielce.pl\/wp-content\/uploads\/2025\/12\/IMG_0832-300x218.jpeg 300w, https:\/\/wdkkielce.pl\/wp-content\/uploads\/2025\/12\/IMG_0832-768x558.jpeg 768w, https:\/\/wdkkielce.pl\/wp-content\/uploads\/2025\/12\/IMG_0832-1536x1116.jpeg 1536w, https:\/\/wdkkielce.pl\/wp-content\/uploads\/2025\/12\/IMG_0832-2048x1488.jpeg 2048w\" sizes=\"(max-width: 1024px) 100vw, 1024px\" \/><\/a>\n\t\t\t<\/div><\/figure><figure class='gallery-item'>\n\t\t\t<div class='gallery-icon landscape'>\n\t\t\t\t<a href='https:\/\/wdkkielce.pl\/index.php\/2025\/12\/15\/jubileuszowy-konkurs-literacki-piekno-stworzenia-czlowiek-i-wartosci-w-tworczosci-swietego-jana-pawla-ii-rozstrzygniety\/img_0836\/'><img loading=\"lazy\" decoding=\"async\" width=\"1024\" height=\"746\" src=\"https:\/\/wdkkielce.pl\/wp-content\/uploads\/2025\/12\/IMG_0836-1024x746.jpeg\" class=\"attachment-large size-large\" alt=\"\" srcset=\"https:\/\/wdkkielce.pl\/wp-content\/uploads\/2025\/12\/IMG_0836-1024x746.jpeg 1024w, https:\/\/wdkkielce.pl\/wp-content\/uploads\/2025\/12\/IMG_0836-300x219.jpeg 300w, https:\/\/wdkkielce.pl\/wp-content\/uploads\/2025\/12\/IMG_0836-768x560.jpeg 768w, https:\/\/wdkkielce.pl\/wp-content\/uploads\/2025\/12\/IMG_0836-1536x1120.jpeg 1536w, https:\/\/wdkkielce.pl\/wp-content\/uploads\/2025\/12\/IMG_0836-2048x1493.jpeg 2048w\" sizes=\"(max-width: 1024px) 100vw, 1024px\" \/><\/a>\n\t\t\t<\/div><\/figure><figure class='gallery-item'>\n\t\t\t<div class='gallery-icon landscape'>\n\t\t\t\t<a href='https:\/\/wdkkielce.pl\/index.php\/2025\/12\/15\/jubileuszowy-konkurs-literacki-piekno-stworzenia-czlowiek-i-wartosci-w-tworczosci-swietego-jana-pawla-ii-rozstrzygniety\/img_0837\/'><img loading=\"lazy\" decoding=\"async\" width=\"1024\" height=\"801\" src=\"https:\/\/wdkkielce.pl\/wp-content\/uploads\/2025\/12\/IMG_0837-1024x801.jpeg\" class=\"attachment-large size-large\" alt=\"\" srcset=\"https:\/\/wdkkielce.pl\/wp-content\/uploads\/2025\/12\/IMG_0837-1024x801.jpeg 1024w, https:\/\/wdkkielce.pl\/wp-content\/uploads\/2025\/12\/IMG_0837-300x235.jpeg 300w, https:\/\/wdkkielce.pl\/wp-content\/uploads\/2025\/12\/IMG_0837-768x601.jpeg 768w, https:\/\/wdkkielce.pl\/wp-content\/uploads\/2025\/12\/IMG_0837-1536x1201.jpeg 1536w, https:\/\/wdkkielce.pl\/wp-content\/uploads\/2025\/12\/IMG_0837-2048x1602.jpeg 2048w\" sizes=\"(max-width: 1024px) 100vw, 1024px\" \/><\/a>\n\t\t\t<\/div><\/figure><figure class='gallery-item'>\n\t\t\t<div class='gallery-icon landscape'>\n\t\t\t\t<a href='https:\/\/wdkkielce.pl\/index.php\/2025\/12\/15\/jubileuszowy-konkurs-literacki-piekno-stworzenia-czlowiek-i-wartosci-w-tworczosci-swietego-jana-pawla-ii-rozstrzygniety\/img_0839\/'><img loading=\"lazy\" decoding=\"async\" width=\"1024\" height=\"757\" src=\"https:\/\/wdkkielce.pl\/wp-content\/uploads\/2025\/12\/IMG_0839-1024x757.jpeg\" class=\"attachment-large size-large\" alt=\"\" srcset=\"https:\/\/wdkkielce.pl\/wp-content\/uploads\/2025\/12\/IMG_0839-1024x757.jpeg 1024w, https:\/\/wdkkielce.pl\/wp-content\/uploads\/2025\/12\/IMG_0839-300x222.jpeg 300w, https:\/\/wdkkielce.pl\/wp-content\/uploads\/2025\/12\/IMG_0839-768x568.jpeg 768w, https:\/\/wdkkielce.pl\/wp-content\/uploads\/2025\/12\/IMG_0839-1536x1135.jpeg 1536w, https:\/\/wdkkielce.pl\/wp-content\/uploads\/2025\/12\/IMG_0839-2048x1514.jpeg 2048w\" sizes=\"(max-width: 1024px) 100vw, 1024px\" \/><\/a>\n\t\t\t<\/div><\/figure><figure class='gallery-item'>\n\t\t\t<div class='gallery-icon landscape'>\n\t\t\t\t<a href='https:\/\/wdkkielce.pl\/index.php\/2025\/12\/15\/jubileuszowy-konkurs-literacki-piekno-stworzenia-czlowiek-i-wartosci-w-tworczosci-swietego-jana-pawla-ii-rozstrzygniety\/img_0840\/'><img loading=\"lazy\" decoding=\"async\" width=\"1024\" height=\"799\" src=\"https:\/\/wdkkielce.pl\/wp-content\/uploads\/2025\/12\/IMG_0840-1024x799.jpeg\" class=\"attachment-large size-large\" alt=\"\" srcset=\"https:\/\/wdkkielce.pl\/wp-content\/uploads\/2025\/12\/IMG_0840-1024x799.jpeg 1024w, https:\/\/wdkkielce.pl\/wp-content\/uploads\/2025\/12\/IMG_0840-300x234.jpeg 300w, https:\/\/wdkkielce.pl\/wp-content\/uploads\/2025\/12\/IMG_0840-768x599.jpeg 768w, https:\/\/wdkkielce.pl\/wp-content\/uploads\/2025\/12\/IMG_0840-1536x1199.jpeg 1536w, https:\/\/wdkkielce.pl\/wp-content\/uploads\/2025\/12\/IMG_0840-2048x1599.jpeg 2048w\" sizes=\"(max-width: 1024px) 100vw, 1024px\" \/><\/a>\n\t\t\t<\/div><\/figure><figure class='gallery-item'>\n\t\t\t<div class='gallery-icon landscape'>\n\t\t\t\t<a href='https:\/\/wdkkielce.pl\/index.php\/2025\/12\/15\/jubileuszowy-konkurs-literacki-piekno-stworzenia-czlowiek-i-wartosci-w-tworczosci-swietego-jana-pawla-ii-rozstrzygniety\/img_0841\/'><img loading=\"lazy\" decoding=\"async\" width=\"1024\" height=\"737\" src=\"https:\/\/wdkkielce.pl\/wp-content\/uploads\/2025\/12\/IMG_0841-1024x737.jpeg\" class=\"attachment-large size-large\" alt=\"\" srcset=\"https:\/\/wdkkielce.pl\/wp-content\/uploads\/2025\/12\/IMG_0841-1024x737.jpeg 1024w, https:\/\/wdkkielce.pl\/wp-content\/uploads\/2025\/12\/IMG_0841-300x216.jpeg 300w, https:\/\/wdkkielce.pl\/wp-content\/uploads\/2025\/12\/IMG_0841-768x553.jpeg 768w, https:\/\/wdkkielce.pl\/wp-content\/uploads\/2025\/12\/IMG_0841-1536x1105.jpeg 1536w, https:\/\/wdkkielce.pl\/wp-content\/uploads\/2025\/12\/IMG_0841-2048x1474.jpeg 2048w\" sizes=\"(max-width: 1024px) 100vw, 1024px\" \/><\/a>\n\t\t\t<\/div><\/figure><figure class='gallery-item'>\n\t\t\t<div class='gallery-icon landscape'>\n\t\t\t\t<a href='https:\/\/wdkkielce.pl\/index.php\/2025\/12\/15\/jubileuszowy-konkurs-literacki-piekno-stworzenia-czlowiek-i-wartosci-w-tworczosci-swietego-jana-pawla-ii-rozstrzygniety\/img_0842\/'><img loading=\"lazy\" decoding=\"async\" width=\"1024\" height=\"704\" src=\"https:\/\/wdkkielce.pl\/wp-content\/uploads\/2025\/12\/IMG_0842-1024x704.jpeg\" class=\"attachment-large size-large\" alt=\"\" srcset=\"https:\/\/wdkkielce.pl\/wp-content\/uploads\/2025\/12\/IMG_0842-1024x704.jpeg 1024w, https:\/\/wdkkielce.pl\/wp-content\/uploads\/2025\/12\/IMG_0842-300x206.jpeg 300w, https:\/\/wdkkielce.pl\/wp-content\/uploads\/2025\/12\/IMG_0842-768x528.jpeg 768w, https:\/\/wdkkielce.pl\/wp-content\/uploads\/2025\/12\/IMG_0842-1536x1057.jpeg 1536w, https:\/\/wdkkielce.pl\/wp-content\/uploads\/2025\/12\/IMG_0842-2048x1409.jpeg 2048w\" sizes=\"(max-width: 1024px) 100vw, 1024px\" \/><\/a>\n\t\t\t<\/div><\/figure><figure class='gallery-item'>\n\t\t\t<div class='gallery-icon landscape'>\n\t\t\t\t<a href='https:\/\/wdkkielce.pl\/index.php\/2025\/12\/15\/jubileuszowy-konkurs-literacki-piekno-stworzenia-czlowiek-i-wartosci-w-tworczosci-swietego-jana-pawla-ii-rozstrzygniety\/img_0843\/'><img loading=\"lazy\" decoding=\"async\" width=\"1024\" height=\"724\" src=\"https:\/\/wdkkielce.pl\/wp-content\/uploads\/2025\/12\/IMG_0843-1024x724.jpeg\" class=\"attachment-large size-large\" alt=\"\" srcset=\"https:\/\/wdkkielce.pl\/wp-content\/uploads\/2025\/12\/IMG_0843-1024x724.jpeg 1024w, https:\/\/wdkkielce.pl\/wp-content\/uploads\/2025\/12\/IMG_0843-300x212.jpeg 300w, https:\/\/wdkkielce.pl\/wp-content\/uploads\/2025\/12\/IMG_0843-768x543.jpeg 768w, https:\/\/wdkkielce.pl\/wp-content\/uploads\/2025\/12\/IMG_0843-1536x1086.jpeg 1536w, https:\/\/wdkkielce.pl\/wp-content\/uploads\/2025\/12\/IMG_0843-2048x1447.jpeg 2048w\" sizes=\"(max-width: 1024px) 100vw, 1024px\" \/><\/a>\n\t\t\t<\/div><\/figure><figure class='gallery-item'>\n\t\t\t<div class='gallery-icon landscape'>\n\t\t\t\t<a href='https:\/\/wdkkielce.pl\/index.php\/2025\/12\/15\/jubileuszowy-konkurs-literacki-piekno-stworzenia-czlowiek-i-wartosci-w-tworczosci-swietego-jana-pawla-ii-rozstrzygniety\/img_0844\/'><img loading=\"lazy\" decoding=\"async\" width=\"1024\" height=\"768\" src=\"https:\/\/wdkkielce.pl\/wp-content\/uploads\/2025\/12\/IMG_0844-1024x768.jpeg\" class=\"attachment-large size-large\" alt=\"\" srcset=\"https:\/\/wdkkielce.pl\/wp-content\/uploads\/2025\/12\/IMG_0844-1024x768.jpeg 1024w, https:\/\/wdkkielce.pl\/wp-content\/uploads\/2025\/12\/IMG_0844-300x225.jpeg 300w, https:\/\/wdkkielce.pl\/wp-content\/uploads\/2025\/12\/IMG_0844-768x576.jpeg 768w, https:\/\/wdkkielce.pl\/wp-content\/uploads\/2025\/12\/IMG_0844-1536x1152.jpeg 1536w, https:\/\/wdkkielce.pl\/wp-content\/uploads\/2025\/12\/IMG_0844-2048x1536.jpeg 2048w\" sizes=\"(max-width: 1024px) 100vw, 1024px\" \/><\/a>\n\t\t\t<\/div><\/figure><figure class='gallery-item'>\n\t\t\t<div class='gallery-icon landscape'>\n\t\t\t\t<a href='https:\/\/wdkkielce.pl\/index.php\/2025\/12\/15\/jubileuszowy-konkurs-literacki-piekno-stworzenia-czlowiek-i-wartosci-w-tworczosci-swietego-jana-pawla-ii-rozstrzygniety\/img_0845\/'><img loading=\"lazy\" decoding=\"async\" width=\"1024\" height=\"748\" src=\"https:\/\/wdkkielce.pl\/wp-content\/uploads\/2025\/12\/IMG_0845-1024x748.jpeg\" class=\"attachment-large size-large\" alt=\"\" srcset=\"https:\/\/wdkkielce.pl\/wp-content\/uploads\/2025\/12\/IMG_0845-1024x748.jpeg 1024w, https:\/\/wdkkielce.pl\/wp-content\/uploads\/2025\/12\/IMG_0845-300x219.jpeg 300w, https:\/\/wdkkielce.pl\/wp-content\/uploads\/2025\/12\/IMG_0845-768x561.jpeg 768w, https:\/\/wdkkielce.pl\/wp-content\/uploads\/2025\/12\/IMG_0845-1536x1122.jpeg 1536w, https:\/\/wdkkielce.pl\/wp-content\/uploads\/2025\/12\/IMG_0845-2048x1496.jpeg 2048w\" sizes=\"(max-width: 1024px) 100vw, 1024px\" \/><\/a>\n\t\t\t<\/div><\/figure><figure class='gallery-item'>\n\t\t\t<div class='gallery-icon landscape'>\n\t\t\t\t<a href='https:\/\/wdkkielce.pl\/index.php\/2025\/12\/15\/jubileuszowy-konkurs-literacki-piekno-stworzenia-czlowiek-i-wartosci-w-tworczosci-swietego-jana-pawla-ii-rozstrzygniety\/img_0846\/'><img loading=\"lazy\" decoding=\"async\" width=\"1024\" height=\"717\" src=\"https:\/\/wdkkielce.pl\/wp-content\/uploads\/2025\/12\/IMG_0846-1024x717.jpeg\" class=\"attachment-large size-large\" alt=\"\" srcset=\"https:\/\/wdkkielce.pl\/wp-content\/uploads\/2025\/12\/IMG_0846-1024x717.jpeg 1024w, https:\/\/wdkkielce.pl\/wp-content\/uploads\/2025\/12\/IMG_0846-300x210.jpeg 300w, https:\/\/wdkkielce.pl\/wp-content\/uploads\/2025\/12\/IMG_0846-768x538.jpeg 768w, https:\/\/wdkkielce.pl\/wp-content\/uploads\/2025\/12\/IMG_0846-1536x1075.jpeg 1536w, https:\/\/wdkkielce.pl\/wp-content\/uploads\/2025\/12\/IMG_0846-2048x1434.jpeg 2048w\" sizes=\"(max-width: 1024px) 100vw, 1024px\" \/><\/a>\n\t\t\t<\/div><\/figure><figure class='gallery-item'>\n\t\t\t<div class='gallery-icon landscape'>\n\t\t\t\t<a href='https:\/\/wdkkielce.pl\/index.php\/2025\/12\/15\/jubileuszowy-konkurs-literacki-piekno-stworzenia-czlowiek-i-wartosci-w-tworczosci-swietego-jana-pawla-ii-rozstrzygniety\/img_0849\/'><img loading=\"lazy\" decoding=\"async\" width=\"1024\" height=\"728\" src=\"https:\/\/wdkkielce.pl\/wp-content\/uploads\/2025\/12\/IMG_0849-1024x728.jpeg\" class=\"attachment-large size-large\" alt=\"\" srcset=\"https:\/\/wdkkielce.pl\/wp-content\/uploads\/2025\/12\/IMG_0849-1024x728.jpeg 1024w, https:\/\/wdkkielce.pl\/wp-content\/uploads\/2025\/12\/IMG_0849-300x213.jpeg 300w, https:\/\/wdkkielce.pl\/wp-content\/uploads\/2025\/12\/IMG_0849-768x546.jpeg 768w, https:\/\/wdkkielce.pl\/wp-content\/uploads\/2025\/12\/IMG_0849-1536x1093.jpeg 1536w, https:\/\/wdkkielce.pl\/wp-content\/uploads\/2025\/12\/IMG_0849-2048x1457.jpeg 2048w\" sizes=\"(max-width: 1024px) 100vw, 1024px\" \/><\/a>\n\t\t\t<\/div><\/figure><figure class='gallery-item'>\n\t\t\t<div class='gallery-icon landscape'>\n\t\t\t\t<a href='https:\/\/wdkkielce.pl\/index.php\/2025\/12\/15\/jubileuszowy-konkurs-literacki-piekno-stworzenia-czlowiek-i-wartosci-w-tworczosci-swietego-jana-pawla-ii-rozstrzygniety\/img_0851\/'><img loading=\"lazy\" decoding=\"async\" width=\"1024\" height=\"768\" src=\"https:\/\/wdkkielce.pl\/wp-content\/uploads\/2025\/12\/IMG_0851-1024x768.jpeg\" class=\"attachment-large size-large\" alt=\"\" srcset=\"https:\/\/wdkkielce.pl\/wp-content\/uploads\/2025\/12\/IMG_0851-1024x768.jpeg 1024w, https:\/\/wdkkielce.pl\/wp-content\/uploads\/2025\/12\/IMG_0851-300x225.jpeg 300w, https:\/\/wdkkielce.pl\/wp-content\/uploads\/2025\/12\/IMG_0851-768x576.jpeg 768w, https:\/\/wdkkielce.pl\/wp-content\/uploads\/2025\/12\/IMG_0851-1536x1152.jpeg 1536w, https:\/\/wdkkielce.pl\/wp-content\/uploads\/2025\/12\/IMG_0851-2048x1536.jpeg 2048w\" sizes=\"(max-width: 1024px) 100vw, 1024px\" \/><\/a>\n\t\t\t<\/div><\/figure><figure class='gallery-item'>\n\t\t\t<div class='gallery-icon landscape'>\n\t\t\t\t<a href='https:\/\/wdkkielce.pl\/index.php\/2025\/12\/15\/jubileuszowy-konkurs-literacki-piekno-stworzenia-czlowiek-i-wartosci-w-tworczosci-swietego-jana-pawla-ii-rozstrzygniety\/img_0854\/'><img loading=\"lazy\" decoding=\"async\" width=\"1024\" height=\"769\" src=\"https:\/\/wdkkielce.pl\/wp-content\/uploads\/2025\/12\/IMG_0854-1024x769.jpeg\" class=\"attachment-large size-large\" alt=\"\" srcset=\"https:\/\/wdkkielce.pl\/wp-content\/uploads\/2025\/12\/IMG_0854-1024x769.jpeg 1024w, https:\/\/wdkkielce.pl\/wp-content\/uploads\/2025\/12\/IMG_0854-300x225.jpeg 300w, https:\/\/wdkkielce.pl\/wp-content\/uploads\/2025\/12\/IMG_0854-768x577.jpeg 768w, https:\/\/wdkkielce.pl\/wp-content\/uploads\/2025\/12\/IMG_0854-1536x1153.jpeg 1536w, https:\/\/wdkkielce.pl\/wp-content\/uploads\/2025\/12\/IMG_0854-2048x1537.jpeg 2048w\" sizes=\"(max-width: 1024px) 100vw, 1024px\" \/><\/a>\n\t\t\t<\/div><\/figure><figure class='gallery-item'>\n\t\t\t<div class='gallery-icon landscape'>\n\t\t\t\t<a href='https:\/\/wdkkielce.pl\/index.php\/2025\/12\/15\/jubileuszowy-konkurs-literacki-piekno-stworzenia-czlowiek-i-wartosci-w-tworczosci-swietego-jana-pawla-ii-rozstrzygniety\/img_0856\/'><img loading=\"lazy\" decoding=\"async\" width=\"1024\" height=\"768\" src=\"https:\/\/wdkkielce.pl\/wp-content\/uploads\/2025\/12\/IMG_0856-1024x768.jpeg\" class=\"attachment-large size-large\" alt=\"\" srcset=\"https:\/\/wdkkielce.pl\/wp-content\/uploads\/2025\/12\/IMG_0856-1024x768.jpeg 1024w, https:\/\/wdkkielce.pl\/wp-content\/uploads\/2025\/12\/IMG_0856-300x225.jpeg 300w, https:\/\/wdkkielce.pl\/wp-content\/uploads\/2025\/12\/IMG_0856-768x576.jpeg 768w, https:\/\/wdkkielce.pl\/wp-content\/uploads\/2025\/12\/IMG_0856-1536x1152.jpeg 1536w, https:\/\/wdkkielce.pl\/wp-content\/uploads\/2025\/12\/IMG_0856-2048x1536.jpeg 2048w\" sizes=\"(max-width: 1024px) 100vw, 1024px\" \/><\/a>\n\t\t\t<\/div><\/figure><figure class='gallery-item'>\n\t\t\t<div class='gallery-icon landscape'>\n\t\t\t\t<a href='https:\/\/wdkkielce.pl\/index.php\/2025\/12\/15\/jubileuszowy-konkurs-literacki-piekno-stworzenia-czlowiek-i-wartosci-w-tworczosci-swietego-jana-pawla-ii-rozstrzygniety\/img_0858\/'><img loading=\"lazy\" decoding=\"async\" width=\"1024\" height=\"727\" src=\"https:\/\/wdkkielce.pl\/wp-content\/uploads\/2025\/12\/IMG_0858-1024x727.jpeg\" class=\"attachment-large size-large\" alt=\"\" srcset=\"https:\/\/wdkkielce.pl\/wp-content\/uploads\/2025\/12\/IMG_0858-1024x727.jpeg 1024w, https:\/\/wdkkielce.pl\/wp-content\/uploads\/2025\/12\/IMG_0858-300x213.jpeg 300w, https:\/\/wdkkielce.pl\/wp-content\/uploads\/2025\/12\/IMG_0858-768x545.jpeg 768w, https:\/\/wdkkielce.pl\/wp-content\/uploads\/2025\/12\/IMG_0858-1536x1090.jpeg 1536w, https:\/\/wdkkielce.pl\/wp-content\/uploads\/2025\/12\/IMG_0858-2048x1454.jpeg 2048w\" sizes=\"(max-width: 1024px) 100vw, 1024px\" \/><\/a>\n\t\t\t<\/div><\/figure><figure class='gallery-item'>\n\t\t\t<div class='gallery-icon landscape'>\n\t\t\t\t<a href='https:\/\/wdkkielce.pl\/index.php\/2025\/12\/15\/jubileuszowy-konkurs-literacki-piekno-stworzenia-czlowiek-i-wartosci-w-tworczosci-swietego-jana-pawla-ii-rozstrzygniety\/img_0860\/'><img loading=\"lazy\" decoding=\"async\" width=\"1024\" height=\"791\" src=\"https:\/\/wdkkielce.pl\/wp-content\/uploads\/2025\/12\/IMG_0860-1024x791.jpeg\" class=\"attachment-large size-large\" alt=\"\" srcset=\"https:\/\/wdkkielce.pl\/wp-content\/uploads\/2025\/12\/IMG_0860-1024x791.jpeg 1024w, https:\/\/wdkkielce.pl\/wp-content\/uploads\/2025\/12\/IMG_0860-300x232.jpeg 300w, https:\/\/wdkkielce.pl\/wp-content\/uploads\/2025\/12\/IMG_0860-768x593.jpeg 768w, https:\/\/wdkkielce.pl\/wp-content\/uploads\/2025\/12\/IMG_0860-1536x1186.jpeg 1536w, https:\/\/wdkkielce.pl\/wp-content\/uploads\/2025\/12\/IMG_0860-2048x1581.jpeg 2048w\" sizes=\"(max-width: 1024px) 100vw, 1024px\" \/><\/a>\n\t\t\t<\/div><\/figure><figure class='gallery-item'>\n\t\t\t<div class='gallery-icon landscape'>\n\t\t\t\t<a href='https:\/\/wdkkielce.pl\/index.php\/2025\/12\/15\/jubileuszowy-konkurs-literacki-piekno-stworzenia-czlowiek-i-wartosci-w-tworczosci-swietego-jana-pawla-ii-rozstrzygniety\/img_0861\/'><img loading=\"lazy\" decoding=\"async\" width=\"1024\" height=\"787\" src=\"https:\/\/wdkkielce.pl\/wp-content\/uploads\/2025\/12\/IMG_0861-1024x787.jpeg\" class=\"attachment-large size-large\" alt=\"\" srcset=\"https:\/\/wdkkielce.pl\/wp-content\/uploads\/2025\/12\/IMG_0861-1024x787.jpeg 1024w, https:\/\/wdkkielce.pl\/wp-content\/uploads\/2025\/12\/IMG_0861-300x231.jpeg 300w, https:\/\/wdkkielce.pl\/wp-content\/uploads\/2025\/12\/IMG_0861-768x591.jpeg 768w, https:\/\/wdkkielce.pl\/wp-content\/uploads\/2025\/12\/IMG_0861-1536x1181.jpeg 1536w, https:\/\/wdkkielce.pl\/wp-content\/uploads\/2025\/12\/IMG_0861-2048x1575.jpeg 2048w\" sizes=\"(max-width: 1024px) 100vw, 1024px\" \/><\/a>\n\t\t\t<\/div><\/figure><figure class='gallery-item'>\n\t\t\t<div class='gallery-icon landscape'>\n\t\t\t\t<a href='https:\/\/wdkkielce.pl\/index.php\/2025\/12\/15\/jubileuszowy-konkurs-literacki-piekno-stworzenia-czlowiek-i-wartosci-w-tworczosci-swietego-jana-pawla-ii-rozstrzygniety\/img_0862\/'><img loading=\"lazy\" decoding=\"async\" width=\"1024\" height=\"744\" src=\"https:\/\/wdkkielce.pl\/wp-content\/uploads\/2025\/12\/IMG_0862-1024x744.jpeg\" class=\"attachment-large size-large\" alt=\"\" srcset=\"https:\/\/wdkkielce.pl\/wp-content\/uploads\/2025\/12\/IMG_0862-1024x744.jpeg 1024w, https:\/\/wdkkielce.pl\/wp-content\/uploads\/2025\/12\/IMG_0862-300x218.jpeg 300w, https:\/\/wdkkielce.pl\/wp-content\/uploads\/2025\/12\/IMG_0862-768x558.jpeg 768w, https:\/\/wdkkielce.pl\/wp-content\/uploads\/2025\/12\/IMG_0862-1536x1116.jpeg 1536w, https:\/\/wdkkielce.pl\/wp-content\/uploads\/2025\/12\/IMG_0862-2048x1488.jpeg 2048w\" sizes=\"(max-width: 1024px) 100vw, 1024px\" \/><\/a>\n\t\t\t<\/div><\/figure><figure class='gallery-item'>\n\t\t\t<div class='gallery-icon landscape'>\n\t\t\t\t<a href='https:\/\/wdkkielce.pl\/index.php\/2025\/12\/15\/jubileuszowy-konkurs-literacki-piekno-stworzenia-czlowiek-i-wartosci-w-tworczosci-swietego-jana-pawla-ii-rozstrzygniety\/img_0863\/'><img loading=\"lazy\" decoding=\"async\" width=\"1024\" height=\"758\" src=\"https:\/\/wdkkielce.pl\/wp-content\/uploads\/2025\/12\/IMG_0863-1024x758.jpeg\" class=\"attachment-large size-large\" alt=\"\" srcset=\"https:\/\/wdkkielce.pl\/wp-content\/uploads\/2025\/12\/IMG_0863-1024x758.jpeg 1024w, https:\/\/wdkkielce.pl\/wp-content\/uploads\/2025\/12\/IMG_0863-300x222.jpeg 300w, https:\/\/wdkkielce.pl\/wp-content\/uploads\/2025\/12\/IMG_0863-768x569.jpeg 768w, https:\/\/wdkkielce.pl\/wp-content\/uploads\/2025\/12\/IMG_0863-1536x1137.jpeg 1536w, https:\/\/wdkkielce.pl\/wp-content\/uploads\/2025\/12\/IMG_0863-2048x1516.jpeg 2048w\" sizes=\"(max-width: 1024px) 100vw, 1024px\" \/><\/a>\n\t\t\t<\/div><\/figure><figure class='gallery-item'>\n\t\t\t<div class='gallery-icon landscape'>\n\t\t\t\t<a href='https:\/\/wdkkielce.pl\/index.php\/2025\/12\/15\/jubileuszowy-konkurs-literacki-piekno-stworzenia-czlowiek-i-wartosci-w-tworczosci-swietego-jana-pawla-ii-rozstrzygniety\/img_0865\/'><img loading=\"lazy\" decoding=\"async\" width=\"1024\" height=\"727\" src=\"https:\/\/wdkkielce.pl\/wp-content\/uploads\/2025\/12\/IMG_0865-1024x727.jpeg\" class=\"attachment-large size-large\" alt=\"\" srcset=\"https:\/\/wdkkielce.pl\/wp-content\/uploads\/2025\/12\/IMG_0865-1024x727.jpeg 1024w, https:\/\/wdkkielce.pl\/wp-content\/uploads\/2025\/12\/IMG_0865-300x213.jpeg 300w, https:\/\/wdkkielce.pl\/wp-content\/uploads\/2025\/12\/IMG_0865-768x545.jpeg 768w, https:\/\/wdkkielce.pl\/wp-content\/uploads\/2025\/12\/IMG_0865-1536x1090.jpeg 1536w, https:\/\/wdkkielce.pl\/wp-content\/uploads\/2025\/12\/IMG_0865-2048x1454.jpeg 2048w\" sizes=\"(max-width: 1024px) 100vw, 1024px\" \/><\/a>\n\t\t\t<\/div><\/figure><figure class='gallery-item'>\n\t\t\t<div class='gallery-icon landscape'>\n\t\t\t\t<a href='https:\/\/wdkkielce.pl\/index.php\/2025\/12\/15\/jubileuszowy-konkurs-literacki-piekno-stworzenia-czlowiek-i-wartosci-w-tworczosci-swietego-jana-pawla-ii-rozstrzygniety\/img_0866\/'><img loading=\"lazy\" decoding=\"async\" width=\"1024\" height=\"839\" src=\"https:\/\/wdkkielce.pl\/wp-content\/uploads\/2025\/12\/IMG_0866-1024x839.jpeg\" class=\"attachment-large size-large\" alt=\"\" srcset=\"https:\/\/wdkkielce.pl\/wp-content\/uploads\/2025\/12\/IMG_0866-1024x839.jpeg 1024w, https:\/\/wdkkielce.pl\/wp-content\/uploads\/2025\/12\/IMG_0866-300x246.jpeg 300w, https:\/\/wdkkielce.pl\/wp-content\/uploads\/2025\/12\/IMG_0866-768x629.jpeg 768w, https:\/\/wdkkielce.pl\/wp-content\/uploads\/2025\/12\/IMG_0866-1536x1259.jpeg 1536w, https:\/\/wdkkielce.pl\/wp-content\/uploads\/2025\/12\/IMG_0866-2048x1678.jpeg 2048w\" sizes=\"(max-width: 1024px) 100vw, 1024px\" \/><\/a>\n\t\t\t<\/div><\/figure><figure class='gallery-item'>\n\t\t\t<div class='gallery-icon landscape'>\n\t\t\t\t<a href='https:\/\/wdkkielce.pl\/index.php\/2025\/12\/15\/jubileuszowy-konkurs-literacki-piekno-stworzenia-czlowiek-i-wartosci-w-tworczosci-swietego-jana-pawla-ii-rozstrzygniety\/img_0872\/'><img loading=\"lazy\" decoding=\"async\" width=\"1024\" height=\"784\" src=\"https:\/\/wdkkielce.pl\/wp-content\/uploads\/2025\/12\/IMG_0872-1024x784.jpeg\" class=\"attachment-large size-large\" alt=\"\" srcset=\"https:\/\/wdkkielce.pl\/wp-content\/uploads\/2025\/12\/IMG_0872-1024x784.jpeg 1024w, https:\/\/wdkkielce.pl\/wp-content\/uploads\/2025\/12\/IMG_0872-300x230.jpeg 300w, https:\/\/wdkkielce.pl\/wp-content\/uploads\/2025\/12\/IMG_0872-768x588.jpeg 768w, https:\/\/wdkkielce.pl\/wp-content\/uploads\/2025\/12\/IMG_0872-1536x1176.jpeg 1536w, https:\/\/wdkkielce.pl\/wp-content\/uploads\/2025\/12\/IMG_0872-2048x1568.jpeg 2048w\" sizes=\"(max-width: 1024px) 100vw, 1024px\" \/><\/a>\n\t\t\t<\/div><\/figure>\n\t\t<\/div>\n\n<div class=\"pdfprnt-buttons pdfprnt-buttons-post pdfprnt-bottom-right\"><a href=\"https:\/\/wdkkielce.pl\/index.php\/wp-json\/wp\/v2\/posts\/10124?print=pdf\" class=\"pdfprnt-button pdfprnt-button-pdf\" target=\"_blank\" ><img decoding=\"async\" src=\"http:\/\/wdkkielce.pl\/wp-content\/plugins\/pdf-print\/images\/pdf.png\" alt=\"image_pdf\" title=\"View PDF\" \/><\/a><a href=\"https:\/\/wdkkielce.pl\/index.php\/wp-json\/wp\/v2\/posts\/10124?print=print\" class=\"pdfprnt-button pdfprnt-button-print\" target=\"_blank\" ><img decoding=\"async\" src=\"http:\/\/wdkkielce.pl\/wp-content\/plugins\/pdf-print\/images\/print.png\" alt=\"image_print\" title=\"Print Content\" \/><\/a><\/div>","protected":false},"excerpt":{"rendered":"<p>W pi\u0105tek, 12 grudnia, rozstrzygni\u0119to V edycj\u0119 Wojew\u00f3dzkiego Konkursu Literackiego \u201ePi\u0119kno stworzenia. Cz\u0142owiek i warto\u015bci w tw\u00f3rczo\u015bci \u015awi\u0119tego Jana Paw\u0142a II\u201d, organizowanego przez Wojew\u00f3dzki Dom Kultury im. J\u00f3zefa Pi\u0142sudskiego w Kielcach. Celem konkursu by\u0142o zach\u0119cenie uczestnik\u00f3w do literackiej refleksji nad tematyk\u0105 duchowo\u015bci, cz\u0142owieka i warto\u015bci, inspirowanej poezj\u0105 oraz nauczaniem \u015awi\u0119tego Jana Paw\u0142a II.\u00a0 Tegoroczna, jubileuszowa&hellip;&nbsp;<\/p>\n","protected":false},"author":5,"featured_media":10157,"comment_status":"open","ping_status":"open","sticky":false,"template":"","format":"standard","meta":{"inline_featured_image":false,"neve_meta_sidebar":"","neve_meta_container":"","neve_meta_enable_content_width":"off","neve_meta_content_width":70,"neve_meta_title_alignment":"","neve_meta_author_avatar":"","neve_post_elements_order":"","neve_meta_disable_header":"","neve_meta_disable_footer":"","neve_meta_disable_title":"","neve_meta_reading_time":"","footnotes":""},"categories":[12,1],"tags":[],"class_list":["post-10124","post","type-post","status-publish","format-standard","has-post-thumbnail","hentry","category-aktualnosci","category-wyroznione"],"rttpg_featured_image_url":{"full":["https:\/\/wdkkielce.pl\/wp-content\/uploads\/2025\/12\/IMG_0872-scaled.jpeg",2560,1960,false],"landscape":["https:\/\/wdkkielce.pl\/wp-content\/uploads\/2025\/12\/IMG_0872-scaled.jpeg",2560,1960,false],"portraits":["https:\/\/wdkkielce.pl\/wp-content\/uploads\/2025\/12\/IMG_0872-scaled.jpeg",2560,1960,false],"thumbnail":["https:\/\/wdkkielce.pl\/wp-content\/uploads\/2025\/12\/IMG_0872-150x150.jpeg",150,150,true],"medium":["https:\/\/wdkkielce.pl\/wp-content\/uploads\/2025\/12\/IMG_0872-300x230.jpeg",300,230,true],"large":["https:\/\/wdkkielce.pl\/wp-content\/uploads\/2025\/12\/IMG_0872-1024x784.jpeg",1024,784,true],"thumblist":["https:\/\/wdkkielce.pl\/wp-content\/uploads\/2025\/12\/IMG_0872-300x300.jpeg",300,300,true],"thumbrelated":["https:\/\/wdkkielce.pl\/wp-content\/uploads\/2025\/12\/IMG_0872-500x500.jpeg",500,500,true],"meccarouselthumb":["https:\/\/wdkkielce.pl\/wp-content\/uploads\/2025\/12\/IMG_0872-474x324.jpeg",474,324,true],"gridsquare":["https:\/\/wdkkielce.pl\/wp-content\/uploads\/2025\/12\/IMG_0872-391x260.jpeg",391,260,true],"tileview":["https:\/\/wdkkielce.pl\/wp-content\/uploads\/2025\/12\/IMG_0872-300x400.jpeg",300,400,true],"1536x1536":["https:\/\/wdkkielce.pl\/wp-content\/uploads\/2025\/12\/IMG_0872-1536x1176.jpeg",1536,1176,true],"2048x2048":["https:\/\/wdkkielce.pl\/wp-content\/uploads\/2025\/12\/IMG_0872-2048x1568.jpeg",2048,1568,true],"neve-blog":["https:\/\/wdkkielce.pl\/wp-content\/uploads\/2025\/12\/IMG_0872-930x620.jpeg",930,620,true]},"rttpg_author":{"display_name":"Katarzyna Sieradzka","author_link":"https:\/\/wdkkielce.pl\/index.php\/author\/ksieradzka\/"},"rttpg_comment":0,"rttpg_category":"<a href=\"https:\/\/wdkkielce.pl\/index.php\/category\/aktualnosci\/\" rel=\"category tag\">Aktualno\u015bci<\/a> <a href=\"https:\/\/wdkkielce.pl\/index.php\/category\/wyroznione\/\" rel=\"category tag\">Wyr\u00f3\u017cnione<\/a>","rttpg_excerpt":"W pi\u0105tek, 12 grudnia, rozstrzygni\u0119to V edycj\u0119 Wojew\u00f3dzkiego Konkursu Literackiego \u201ePi\u0119kno stworzenia. Cz\u0142owiek i warto\u015bci w tw\u00f3rczo\u015bci \u015awi\u0119tego Jana Paw\u0142a II\u201d, organizowanego przez Wojew\u00f3dzki Dom Kultury im. J\u00f3zefa Pi\u0142sudskiego w Kielcach. Celem konkursu by\u0142o zach\u0119cenie uczestnik\u00f3w do literackiej refleksji nad tematyk\u0105 duchowo\u015bci, cz\u0142owieka i warto\u015bci, inspirowanej poezj\u0105 oraz nauczaniem \u015awi\u0119tego Jana Paw\u0142a II.\u00a0 Tegoroczna, jubileuszowa&hellip;&nbsp;","_links":{"self":[{"href":"https:\/\/wdkkielce.pl\/index.php\/wp-json\/wp\/v2\/posts\/10124","targetHints":{"allow":["GET"]}}],"collection":[{"href":"https:\/\/wdkkielce.pl\/index.php\/wp-json\/wp\/v2\/posts"}],"about":[{"href":"https:\/\/wdkkielce.pl\/index.php\/wp-json\/wp\/v2\/types\/post"}],"author":[{"embeddable":true,"href":"https:\/\/wdkkielce.pl\/index.php\/wp-json\/wp\/v2\/users\/5"}],"replies":[{"embeddable":true,"href":"https:\/\/wdkkielce.pl\/index.php\/wp-json\/wp\/v2\/comments?post=10124"}],"version-history":[{"count":2,"href":"https:\/\/wdkkielce.pl\/index.php\/wp-json\/wp\/v2\/posts\/10124\/revisions"}],"predecessor-version":[{"id":10158,"href":"https:\/\/wdkkielce.pl\/index.php\/wp-json\/wp\/v2\/posts\/10124\/revisions\/10158"}],"wp:featuredmedia":[{"embeddable":true,"href":"https:\/\/wdkkielce.pl\/index.php\/wp-json\/wp\/v2\/media\/10157"}],"wp:attachment":[{"href":"https:\/\/wdkkielce.pl\/index.php\/wp-json\/wp\/v2\/media?parent=10124"}],"wp:term":[{"taxonomy":"category","embeddable":true,"href":"https:\/\/wdkkielce.pl\/index.php\/wp-json\/wp\/v2\/categories?post=10124"},{"taxonomy":"post_tag","embeddable":true,"href":"https:\/\/wdkkielce.pl\/index.php\/wp-json\/wp\/v2\/tags?post=10124"}],"curies":[{"name":"wp","href":"https:\/\/api.w.org\/{rel}","templated":true}]}}